{"id":1284,"date":"2023-05-03T10:33:33","date_gmt":"2023-05-03T10:33:33","guid":{"rendered":"https:\/\/kervaninterior.com.tr\/?p=1284"},"modified":"2023-05-03T10:33:33","modified_gmt":"2023-05-03T10:33:33","slug":"2023-trend-kervan-interior-koleksiyonlari","status":"publish","type":"post","link":"https:\/\/kervaninterior.com.tr\/en\/2023-trend-kervan-interior-koleksiyonlari\/","title":{"rendered":"2023 Trend Kervan Interior Koleksiyonlar\u0131"},"content":{"rendered":"<p>Mobilya tasar\u0131m\u0131nda yeni trendin alt\u0131ndaki imza Kervan \u0130nterior yeni koleksiyonlar\u0131 ile g\u00f6z doldurmaya devam ediyor. Birbirinden g\u00fczel ve i\u015flevsel mobilyalar ayn\u0131 zamanda modern tasar\u0131mlara sahip.<!--more--> Bu anlamda 2023 trend Kervan interior koleksiyonlar\u0131 mobilya sekt\u00f6r\u00fcnde g\u00f6zde olmaya devam ediyor.<br \/>\nYeni y\u0131l farkl\u0131 tasar\u0131mlar ile mobilya sekt\u00f6r\u00fcne yeni bir soluk getirdi. Ancak sekt\u00f6r 60 ve 70\u2019li y\u0131llara do\u011fru geri d\u00f6n\u00fc\u015f sinyali veriyor. Bu a\u015famada Kervan \u0130nterior yeni koleksiyonlar\u0131 ile g\u00f6z dolduruyor. 2023 y\u0131l\u0131n\u0131n kilit mobilyalar\u0131 ile trend olan ba\u015fl\u0131ca unsurlar;<\/p>\n<ul>\n<li>Yumu\u015fak k\u0131vr\u0131amlar<\/li>\n<li>Biyofilik tasar\u0131m<\/li>\n<li>Davetkar tarz<\/li>\n<li>S\u00fcrd\u00fcr\u00fclebilir malzemeler<\/li>\n<li>\u00d6zenle d\u00fc\u015f\u00fcn\u00fclen par\u00e7alar<\/li>\n<li>Kalite ile dayan\u0131kl\u0131l\u0131k<\/li>\n<\/ul>\n<p>Hepimiz zamans\u0131z, klasik tasar\u0131mdan yana olsak da, yeni mobilya trendlerini tespit etmek ve mekan\u0131n\u0131z\u0131 en son i\u00e7 tasar\u0131mla yenilemek her zaman e\u011flencelidir. \u0130ster yeni bir kanepe, sehpa ar\u0131yor olun. Yada isterseniz sadece tasar\u0131mc\u0131lar ve i\u00e7 mekan uzmanlar\u0131 taraf\u0131ndan tahmin edilen 2023 mobilya trendleri ilginizi \u00e7ekiyor olsun. Yeni y\u0131l genellikle yeni i\u00e7 tasar\u0131m trendlerini ke\u015ffetmeye ba\u015flad\u0131\u011f\u0131m\u0131z ve g\u00fcncellemeyi d\u00fc\u015f\u00fcnd\u00fc\u011f\u00fcm\u00fcz bir zamand\u0131r. \u00d6yle ki Kervan Interior sizlere uzun s\u00fcreli kullan\u0131m imkan\u0131 veren modern tasar\u0131mlar ile yeni y\u0131lda da trend olmaktad\u0131r.<br \/>\nSize do\u011fru stil do\u011frultusunda rehberlik etmek ve uzmanlardan en son bilgileri sunmak i\u00e7in 2023 i\u00e7in bilmeniz gereken en \u00f6nemli mobilya trendleri Kervan Interior se\u00e7eneklerinden olu\u015fan bir koleksiyon derlendi. B\u00f6ylelikle 2023 y\u0131l\u0131nda k\u0131vr\u0131ml\u0131 sil\u00fcetlerden, g\u00f6steri\u015fli ta\u015f i\u015f\u00e7ili\u011fine ve ge\u00e7mi\u015fin geri kazan\u0131lm\u0131\u015f stillerine kadar, 2023 mobilya trendleri i\u00e7in ke\u015ffedilecek ve paketinden \u00e7\u0131kar\u0131lacak \u00e7ok \u015fey bulunuyor.<\/p>\n<h2>Yumu\u015fak Ve Davetkar K\u0131vr\u0131mlar<\/h2>\n<p>Krem kanepeli oturma odas\u0131, bej boyal\u0131 duvarlar, \u00e7er\u00e7eveli galeri duvar\u0131, koyu ah\u015fap ve ye\u015fil k\u0131vr\u0131ml\u0131 \u015fezlong, mavi ve beyaz masa lambas\u0131 tam bir davetkar sunum i\u00e7eriyor. Bug\u00fcn sosyalle\u015fmek ve rahatlamak i\u00e7in kullan\u0131lan davetkar bir aile alan\u0131 olarak evin vurgulanmas\u0131yla, d\u00fczenlenmi\u015f s\u0131ralar, d\u00fcz \u00e7izgiler ve klinik tasar\u0131m biraz sade ve so\u011fuk g\u00f6r\u00fcnebilir.<br \/>\nTamamen \u015fehvetli veya hafif\u00e7e yuvarlat\u0131lm\u0131\u015f e\u011friler, d\u00fczeni y\u00fckseltecek ve odan\u0131z\u0131n genel g\u00f6r\u00fcn\u00fcm\u00fcn\u00fc yumu\u015fatacak, dekorunuza cesur bir tasar\u0131m oda\u011f\u0131 veya ince bir \u015fekillendirme dokunu\u015fu katar. Kervan Interior koleksiyonunda yumu\u015fak \u00e7izgiler sizi davet eden \u00f6zelliklere sahip.<\/p>\n<h2>Biyofilik Tasar\u0131m<\/h2>\n<p>Pencere kenar\u0131nda oturma odas\u0131 k\u00f6\u015fesi, ye\u015fil boyal\u0131 duvar ve dolaplar, desenli kuma\u015ftan d\u00f6\u015femeli \u015fezlong, koyu ah\u015fap ayaklar, uyumlu tabure ile tam bir biyofolik tasar\u0131m Kervan Interior koleksiyonlar\u0131nda bulunuyor.<\/p>\n<p>Tasar\u0131mda ah\u015fap, y\u00fcn, ta\u015f ve seramikten yap\u0131lan \u00fcr\u00fcnlere artan odaklanma, sadece zanaata olan ilginin canlanmas\u0131yla ilgili de\u011fildir. Giderek artan bir \u015fekilde sentetik materyallerin ve sanal ger\u00e7ekli\u011fin hakim oldu\u011fu bir d\u00fcnyada, do\u011fal materyaller \u00e7evremize topraklay\u0131c\u0131, do\u011fal ve insani bir boyut katarak daha sakin ve mutlu hissetmemize yard\u0131mc\u0131 olur. \u00d6yle ki do\u011fal malzemeler \u00e7ok duyusal bir deneyim sunar. Hatta bize insanl\u0131\u011f\u0131m\u0131zla uyumlu, anla\u015f\u0131lmaz bir \u015fey veriyorlar. Genellikle en az i\u015flenmi\u015f malzemeler en derin tepkileri uyand\u0131r\u0131r.<br \/>\nBiyofilik tasar\u0131m, insanlar\u0131n do\u011fayla do\u011fu\u015ftan bir ba\u011f\u0131n\u0131n oldu\u011fu ve do\u011fal d\u00fcnyayla ba\u011flant\u0131l\u0131 in\u015fa edilmi\u015f \u00e7evreler yaratman\u0131n sa\u011fl\u0131\u011f\u0131 ve esenli\u011fi \u00f6l\u00e7\u00fclebilir \u015fekilde iyile\u015ftirdi\u011fi teorisidir. Bir tanesi do\u011fal malzemeler kullanmak olan bir dizi net ilkeye sahiptir. Bu anlamda Kervan Interior biyofolik tasar\u0131mlar\u0131n adresi olmaktad\u0131r.<\/p>\n<h2>S\u00fcrd\u00fcr\u00fclebilir Malzemeler<\/h2>\n<p>Ah\u015fap zemin, siyah hal\u0131 ve gri duvarlar \u00fczerinde ah\u015fap b\u00fcfe her zaman tercih edilen ba\u015fl\u0131ca unsurlard\u0131r. Bir\u00e7o\u011fumuz g\u0131da, moda ve seyahatten t\u00fcm sekt\u00f6rlerde al\u0131\u015fveri\u015f yapma ve t\u00fcketme \u015feklimizi de\u011fi\u015ftirmekten \u00e7evre i\u00e7in \u00fczerimize d\u00fc\u015feni nas\u0131l yapabilece\u011fimizi ara\u015ft\u0131r\u0131rken, uzun \u00f6m\u00fcrl\u00fc ve s\u00fcrd\u00fcr\u00fclebilir mobilyalar geli\u015ftirmek her zamankinden daha \u00f6nemli. Kervan Interior uzun \u00f6m\u00fcrl\u00fc kullan\u0131m imkanlar\u0131 sa\u011flayan kaliteye sahiptir.<br \/>\nS\u00fcrd\u00fcr\u00fclebilirli\u011fin \u00f6nemi, bir\u00e7ok t\u00fcketicinin h\u0131zl\u0131 mobilyadan uzakla\u015ft\u0131\u011f\u0131n\u0131 ve ah\u015fap kullan\u0131m\u0131ndan geri d\u00f6n\u00fc\u015ft\u00fcr\u00fclebilir malzemelerden \u00fcretilmi\u015f mobilyalara kadar, zaman\u0131n testine ger\u00e7ekten dayanabilecek tasar\u0131mlara yat\u0131r\u0131m yapt\u0131\u011f\u0131n\u0131 g\u00f6recek.<\/p>\n<h2>60 &#8211; 70&#8217;Lerin Etkileri<\/h2>\n<p>K\u0131vr\u0131ml\u0131 krem \u200b\u200brengi kanepe, desenli kilim, sar\u0131 yan sehpa, desenli perdeler, ah\u015fap kiri\u015fler, arka planda merdiven bulunan renkli oturma odas\u0131 60 ve 70\u2019li y\u0131llardan g\u00fcn\u00fcm\u00fcze yans\u0131yor. 70&#8217;lerin retro tarz\u0131, 2022&#8217;de i\u00e7 mekan ve moda end\u00fcstrilerinde \u00e7ok b\u00fcy\u00fckt\u00fc. Ge\u00e7mi\u015fin stillerine ve trendlerine yap\u0131lan bu nostaljik bak\u0131\u015f 2023&#8217;te de devam ediyor. Bu a\u015famada ihtiyac\u0131n\u0131z olan size hitap eden 2023 y\u0131l\u0131 modern tarz mobilyalar\u0131 Kervan Interior koleksiyonlar\u0131nda bulunuyor.<\/p>","protected":false},"excerpt":{"rendered":"<p>Mobilya tasar\u0131m\u0131nda yeni trendin alt\u0131ndaki imza Kervan \u0130nterior yeni koleksiyonlar\u0131 ile g\u00f6z doldurmaya devam ediyor. Birbirinden g\u00fczel ve i\u015flevsel mobilyalar ayn\u0131 zamanda modern tasar\u0131mlara sahip.<\/p>","protected":false},"author":1,"featured_media":1154,"comment_status":"open","ping_status":"open","sticky":false,"template":"","format":"standard","meta":[],"categories":[19],"tags":[],"acf":[],"_links":{"self":[{"href":"https:\/\/kervaninterior.com.tr\/en\/wp-json\/wp\/v2\/posts\/1284"}],"collection":[{"href":"https:\/\/kervaninterior.com.tr\/en\/wp-json\/wp\/v2\/posts"}],"about":[{"href":"https:\/\/kervaninterior.com.tr\/en\/wp-json\/wp\/v2\/types\/post"}],"author":[{"embeddable":true,"href":"https:\/\/kervaninterior.com.tr\/en\/wp-json\/wp\/v2\/users\/1"}],"replies":[{"embeddable":true,"href":"https:\/\/kervaninterior.com.tr\/en\/wp-json\/wp\/v2\/comments?post=1284"}],"version-history":[{"count":1,"href":"https:\/\/kervaninterior.com.tr\/en\/wp-json\/wp\/v2\/posts\/1284\/revisions"}],"predecessor-version":[{"id":1285,"href":"https:\/\/kervaninterior.com.tr\/en\/wp-json\/wp\/v2\/posts\/1284\/revisions\/1285"}],"wp:featuredmedia":[{"embeddable":true,"href":"https:\/\/kervaninterior.com.tr\/en\/wp-json\/wp\/v2\/media\/1154"}],"wp:attachment":[{"href":"https:\/\/kervaninterior.com.tr\/en\/wp-json\/wp\/v2\/media?parent=1284"}],"wp:term":[{"taxonomy":"category","embeddable":true,"href":"https:\/\/kervaninterior.com.tr\/en\/wp-json\/wp\/v2\/categories?post=1284"},{"taxonomy":"post_tag","embeddable":true,"href":"https:\/\/kervaninterior.com.tr\/en\/wp-json\/wp\/v2\/tags?post=1284"}],"curies":[{"name":"wp","href":"https:\/\/api.w.org\/{rel}","templated":true}]}}