{"id":1159,"date":"2022-11-29T14:18:17","date_gmt":"2022-11-29T14:18:17","guid":{"rendered":"https:\/\/kervaninterior.com.tr\/?p=1159"},"modified":"2022-12-22T12:31:26","modified_gmt":"2022-12-22T12:31:26","slug":"klasik-yatak-odasi-modellerinin-asil-cizgileri","status":"publish","type":"post","link":"https:\/\/kervaninterior.com.tr\/en\/klasik-yatak-odasi-modellerinin-asil-cizgileri\/","title":{"rendered":"2023\u2019te Modern Ya\u015fam Alanlar\u0131 Tasarlay\u0131n"},"content":{"rendered":"<p>Y\u00fcksek motivasyona sahip bir ya\u015fam kurman\u0131n \u00f6nemli ad\u0131mlar\u0131ndan biri de <strong>modern <\/strong><strong>ya\u015fam alanlar\u0131<\/strong>n\u0131 solumakt\u0131r. <strong>Modern ya\u015fam<\/strong> her alanda kendini g\u00f6sterirken <strong>mobilya<\/strong> se\u00e7iminde ve zengin i\u00e7 mek\u00e2n tasar\u0131m\u0131nda \u00fcst\u00fcnl\u00fc\u011f\u00fcn\u00fc vurguluyor. Eviniz her zaman huzur buldu\u011funuz son durak olarak sizi yans\u0131tan par\u00e7alarla sizin istedi\u011finiz ambiyansa g\u00f6re tasarlanmal\u0131d\u0131r. Uzun vadede \u015f\u0131k, modern, keyifli, huzurlu ve konforlu ya\u015fam kurman\u0131n inceli\u011fini mobilyalarla sa\u011flamak m\u00fcmk\u00fcn.<\/p>\n<p><strong>Modern mobilya modelleri<\/strong> yatak odas\u0131, salon, oturma odas\u0131 gibi alanlarda \u00f6ne \u00e7\u0131k\u0131yor, \u00e7arp\u0131c\u0131 detaylar\u0131yla ya\u015fama ahenk kazand\u0131r\u0131yor. <strong>2023 mobilya modelleri<\/strong>nde estetik \u00e7izgiler modern ya\u015fam\u0131 yeniden in\u015fa ediyor. Siz de tasar\u0131mc\u0131lar\u0131n titizlikle yaratt\u0131\u011f\u0131 koleksiyonlardan kendi tarz\u0131n\u0131z\u0131 olu\u015fturarak evinizde modern ya\u015fam\u0131n yans\u0131malar\u0131n\u0131 kullanabilirsiniz.<\/p>\n<h4>Modern oturma gruplar\u0131 ve salon tak\u0131mlar\u0131n\u0131 ke\u015ffedin<\/h4>\n<p><strong>Modern mobilyalar<\/strong> p\u00fcr\u00fczs\u00fcz y\u00fczeyler, d\u00fcz ve yal\u0131n \u00e7izgiler, ah\u015fapla metalin me\u00e7 edildi\u011fi \u015f\u0131k birle\u015fimler ve canl\u0131 tonlar\u0131n \u00f6ne \u00e7\u0131kt\u0131\u011f\u0131 s\u0131cak \u2013 n\u00f6tr renklerin<br \/>\nharmanlanmas\u0131ndan olu\u015fuyor. <strong>Modern ya\u015fam alanlar\u0131<\/strong> denince akla enerjisi y\u00fcksek, yal\u0131n, zihni yormayan, y\u00fcksek konforu ve estetik anlay\u0131\u015f\u0131n\u0131 kar\u015f\u0131layan par\u00e7alar geliyor.<\/p>\n<p>Modernizm ak\u0131m\u0131n\u0131n takip\u00e7isi <strong>Kervan Interior<\/strong> tasar\u0131mc\u0131lar\u0131, kullan\u0131c\u0131lar\u0131n estetik kayg\u0131lar\u0131n\u0131 gideren, ger\u00e7e\u011fi yans\u0131tan ve i\u00e7 d\u00fcnyas\u0131na hitap eden \u015f\u0131k <strong>mobilya<\/strong> se\u00e7kisi sunuyor. <strong>2023 mobilya koleksiyonlar\u0131<\/strong>nda modern anlay\u0131\u015f y\u00fckseli\u015fe ge\u00e7meye devam edecek, her alanda ana par\u00e7alarda hakimiyet kuracak.<\/p>\n<p><strong>Modern salon tak\u0131mlar\u0131<\/strong> ve <strong>oturma gruplar\u0131<\/strong> \u015f\u00fcphesiz bu hakimiyetin en \u00e7ok tercih edilen par\u00e7alar\u0131ndan olmaya aday. Hayal etti\u011finiz renkler, hayran kalaca\u011f\u0131n\u0131z yumu\u015fak formlar, huzur bulaca\u011f\u0131n\u0131z rahat dokular ile ya\u015fam alan\u0131n\u0131za yenilikler kazand\u0131rabilir, modern ya\u015fam\u0131 ke\u015ffederek evinize ta\u015f\u0131yabilirsiniz.<\/p>\n<h4>Kervan Interior ile yeniliklere kap\u0131 aralad\u0131\u011f\u0131n\u0131z \u015fahane bir y\u0131l<\/h4>\n<p><strong>Kervan Interior<\/strong> hayallerinizi s\u00fcsleyen \u015f\u0131kl\u0131\u011f\u0131 ger\u00e7e\u011fe d\u00f6n\u00fc\u015ft\u00fcrmek i\u00e7in <strong>2023 <\/strong><strong>modern mobilya koleksiyonlar\u0131<\/strong>nda e\u015fsiz par\u00e7alarla kar\u015f\u0131n\u0131za \u00e7\u0131k\u0131yor. Yeniliklere aralayaca\u011f\u0131n\u0131z kap\u0131dan i\u00e7eriye zarafet, modernizm, estetik ve \u015f\u0131kl\u0131k girmeye haz\u0131rlan\u0131yor.<\/p>\n<p>Yeni y\u0131l ruhunu her anlamda hissetti\u011finiz g\u00fcnlerde <strong>2023 dekorasyon trendleri<\/strong>ne y\u00f6n verecek <strong>Kervan Interior Mobilyalar\u0131<\/strong> ile \u015fahane bir y\u0131la ad\u0131m atabilirsiniz. <strong>Yatak <\/strong><strong>odas\u0131 modelleri, oturma odas\u0131<\/strong> ve <strong>salon tak\u0131mlar\u0131<\/strong>, <strong>yemek odas\u0131 tasar\u0131mlar\u0131<\/strong> ile s\u0131cac\u0131k ambiyanslar yaratma zaman\u0131 geldi.<\/p>\n<p>2023 y\u0131l\u0131nda dekorasyonunuzu <strong>Kervan Interior<\/strong> rehberli\u011finde yenileyin, ruhunuzu \u0131s\u0131tacak, her seferinde huzur bulman\u0131z\u0131 sa\u011flayacak modern par\u00e7alar\u0131 ke\u015ffedin.<\/p>","protected":false},"excerpt":{"rendered":"<p>Y\u00fcksek motivasyona sahip bir ya\u015fam kurman\u0131n \u00f6nemli ad\u0131mlar\u0131ndan biri de modern ya\u015fam alanlar\u0131n\u0131 solumakt\u0131r. Modern ya\u015fam her alanda kendini g\u00f6sterirken mobilya se\u00e7iminde ve zengin i\u00e7 mek\u00e2n tasar\u0131m\u0131nda \u00fcst\u00fcnl\u00fc\u011f\u00fcn\u00fc vurguluyor. Eviniz her zaman huzur buldu\u011funuz son durak olarak sizi yans\u0131tan par\u00e7alarla sizin istedi\u011finiz ambiyansa g\u00f6re tasarlanmal\u0131d\u0131r. Uzun vadede \u015f\u0131k, modern, keyifli, huzurlu ve konforlu ya\u015fam kurman\u0131n [&hellip;]<\/p>","protected":false},"author":1,"featured_media":1154,"comment_status":"open","ping_status":"open","sticky":false,"template":"","format":"standard","meta":[],"categories":[19],"tags":[],"acf":[],"_links":{"self":[{"href":"https:\/\/kervaninterior.com.tr\/en\/wp-json\/wp\/v2\/posts\/1159"}],"collection":[{"href":"https:\/\/kervaninterior.com.tr\/en\/wp-json\/wp\/v2\/posts"}],"about":[{"href":"https:\/\/kervaninterior.com.tr\/en\/wp-json\/wp\/v2\/types\/post"}],"author":[{"embeddable":true,"href":"https:\/\/kervaninterior.com.tr\/en\/wp-json\/wp\/v2\/users\/1"}],"replies":[{"embeddable":true,"href":"https:\/\/kervaninterior.com.tr\/en\/wp-json\/wp\/v2\/comments?post=1159"}],"version-history":[{"count":3,"href":"https:\/\/kervaninterior.com.tr\/en\/wp-json\/wp\/v2\/posts\/1159\/revisions"}],"predecessor-version":[{"id":1164,"href":"https:\/\/kervaninterior.com.tr\/en\/wp-json\/wp\/v2\/posts\/1159\/revisions\/1164"}],"wp:featuredmedia":[{"embeddable":true,"href":"https:\/\/kervaninterior.com.tr\/en\/wp-json\/wp\/v2\/media\/1154"}],"wp:attachment":[{"href":"https:\/\/kervaninterior.com.tr\/en\/wp-json\/wp\/v2\/media?parent=1159"}],"wp:term":[{"taxonomy":"category","embeddable":true,"href":"https:\/\/kervaninterior.com.tr\/en\/wp-json\/wp\/v2\/categories?post=1159"},{"taxonomy":"post_tag","embeddable":true,"href":"https:\/\/kervaninterior.com.tr\/en\/wp-json\/wp\/v2\/tags?post=1159"}],"curies":[{"name":"wp","href":"https:\/\/api.w.org\/{rel}","templated":true}]}}